{"id":1061,"date":"2023-06-05T08:17:29","date_gmt":"2023-06-05T08:17:29","guid":{"rendered":"https:\/\/alternatri.themecloud.dev\/?p=1061"},"modified":"2023-06-05T08:17:29","modified_gmt":"2023-06-05T08:17:29","slug":"opportunites-la-fabrication-de-papier-recycles","status":"publish","type":"post","link":"https:\/\/trelaze-49.alternatri.fr\/index.php\/2023\/06\/05\/opportunites-la-fabrication-de-papier-recycles\/","title":{"rendered":"La Fabrication de Papier Recycl\u00e9s"},"content":{"rendered":"\t\t<div data-elementor-type=\"wp-post\" data-elementor-id=\"1061\" class=\"elementor elementor-1061\">\n\t\t\t\t\t\t<section class=\"elementor-section elementor-top-section elementor-element elementor-element-73b103d elementor-section-boxed elementor-section-height-default elementor-section-height-default wpr-particle-no wpr-jarallax-no wpr-parallax-no wpr-sticky-section-no\" data-id=\"73b103d\" data-element_type=\"section\" data-e-type=\"section\">\n\t\t\t\t\t\t<div class=\"elementor-container elementor-column-gap-default\">\n\t\t\t\t\t<div class=\"elementor-column elementor-col-100 elementor-top-column elementor-element elementor-element-43efe9a\" data-id=\"43efe9a\" data-element_type=\"column\" data-e-type=\"column\">\n\t\t\t<div class=\"elementor-widget-wrap elementor-element-populated\">\n\t\t\t\t\t\t<div class=\"elementor-element elementor-element-8222f73 elementor-widget elementor-widget-image\" data-id=\"8222f73\" data-element_type=\"widget\" data-e-type=\"widget\" data-widget_type=\"image.default\">\n\t\t\t\t<div class=\"elementor-widget-container\">\n\t\t\t\t\t\t\t\t\t\t\t\t\t\t\t<img fetchpriority=\"high\" decoding=\"async\" width=\"525\" height=\"440\" src=\"https:\/\/trelaze-49.alternatri.fr\/wp-content\/uploads\/2023\/06\/179195650_319752442854648_6121667738691130614_n.jpg\" class=\"attachment-large size-large wp-image-1073\" alt=\"\" srcset=\"https:\/\/trelaze-49.alternatri.fr\/wp-content\/uploads\/2023\/06\/179195650_319752442854648_6121667738691130614_n.jpg 940w, https:\/\/trelaze-49.alternatri.fr\/wp-content\/uploads\/2023\/06\/179195650_319752442854648_6121667738691130614_n-300x251.jpg 300w, https:\/\/trelaze-49.alternatri.fr\/wp-content\/uploads\/2023\/06\/179195650_319752442854648_6121667738691130614_n-768x644.jpg 768w\" sizes=\"(max-width: 525px) 100vw, 525px\" \/>\t\t\t\t\t\t\t\t\t\t\t\t\t\t\t<\/div>\n\t\t\t\t<\/div>\n\t\t\t\t\t<\/div>\n\t\t<\/div>\n\t\t\t\t\t<\/div>\n\t\t<\/section>\n\t\t\t\t<section class=\"elementor-section elementor-top-section elementor-element elementor-element-32bf2151 elementor-section-boxed elementor-section-height-default elementor-section-height-default wpr-particle-no wpr-jarallax-no wpr-parallax-no wpr-sticky-section-no\" data-id=\"32bf2151\" data-element_type=\"section\" data-e-type=\"section\">\n\t\t\t\t\t\t<div class=\"elementor-container elementor-column-gap-default\">\n\t\t\t\t\t<div class=\"elementor-column elementor-col-100 elementor-top-column elementor-element elementor-element-f837097\" data-id=\"f837097\" data-element_type=\"column\" data-e-type=\"column\">\n\t\t\t<div class=\"elementor-widget-wrap elementor-element-populated\">\n\t\t\t\t\t\t<div class=\"elementor-element elementor-element-991330e elementor-widget elementor-widget-text-editor\" data-id=\"991330e\" data-element_type=\"widget\" data-e-type=\"widget\" data-widget_type=\"text-editor.default\">\n\t\t\t\t<div class=\"elementor-widget-container\">\n\t\t\t\t\t\t\t\t\tEnfin la r\u00e9ouverture des \u00e9coles primaires, nos ateliers de fabrication de p\u00e2te \u00e0 papier reprennent. L&rsquo;occasion pour AlternaTri et Marc-Antoine, volontaire service-civique, de rappeler que recycler participe \u00e0 prot\u00e9ger la nature\t\t\t\t\t\t\t\t<\/div>\n\t\t\t\t<\/div>\n\t\t\t\t\t<\/div>\n\t\t<\/div>\n\t\t\t\t\t<\/div>\n\t\t<\/section>\n\t\t\t\t<\/div>\n\t\t","protected":false},"excerpt":{"rendered":"<p>Enfin la r\u00e9ouverture des \u00e9coles primaires, nos ateliers de fabrication de p\u00e2te \u00e0 papier reprennent. L&rsquo;occasion pour AlternaTri et Marc-Antoine, volontaire service-civique, de rappeler que recycler participe \u00e0 prot\u00e9ger la nature<\/p>\n","protected":false},"author":1,"featured_media":0,"comment_status":"closed","ping_status":"closed","sticky":false,"template":"","format":"standard","meta":{"footnotes":""},"categories":[4],"tags":[],"class_list":["post-1061","post","type-post","status-publish","format-standard","hentry","category-sensibilisation"],"yoast_head":"<!-- This site is optimized with the Yoast SEO plugin v24.3 - https:\/\/yoast.com\/wordpress\/plugins\/seo\/ -->\n<title>La Fabrication de Papier Recycl\u00e9s - Alternatri 49<\/title>\n<meta name=\"robots\" content=\"index, follow, max-snippet:-1, max-image-preview:large, max-video-preview:-1\" \/>\n<link rel=\"canonical\" href=\"https:\/\/trelaze-49.alternatri.fr\/index.php\/2023\/06\/05\/opportunites-la-fabrication-de-papier-recycles\/\" \/>\n<meta property=\"og:locale\" content=\"fr_FR\" \/>\n<meta property=\"og:type\" content=\"article\" \/>\n<meta property=\"og:title\" content=\"La Fabrication de Papier Recycl\u00e9s - Alternatri 49\" \/>\n<meta property=\"og:description\" content=\"Enfin la r\u00e9ouverture des \u00e9coles primaires, nos ateliers de fabrication de p\u00e2te \u00e0 papier reprennent. L&rsquo;occasion pour AlternaTri et Marc-Antoine, volontaire service-civique, de rappeler que recycler participe \u00e0 prot\u00e9ger la nature\" \/>\n<meta property=\"og:url\" content=\"https:\/\/trelaze-49.alternatri.fr\/index.php\/2023\/06\/05\/opportunites-la-fabrication-de-papier-recycles\/\" \/>\n<meta property=\"og:site_name\" content=\"Alternatri 49\" \/>\n<meta property=\"article:published_time\" content=\"2023-06-05T08:17:29+00:00\" \/>\n<meta property=\"og:image\" content=\"https:\/\/alternatri.themecloud.dev\/wp-content\/uploads\/2023\/06\/179195650_319752442854648_6121667738691130614_n.jpg\" \/>\n<meta name=\"author\" content=\"admin7993\" \/>\n<meta name=\"twitter:card\" content=\"summary_large_image\" \/>\n<meta name=\"twitter:label1\" content=\"\u00c9crit par\" \/>\n\t<meta name=\"twitter:data1\" content=\"admin7993\" \/>\n<script type=\"application\/ld+json\" class=\"yoast-schema-graph\">{\"@context\":\"https:\/\/schema.org\",\"@graph\":[{\"@type\":\"Article\",\"@id\":\"https:\/\/trelaze-49.alternatri.fr\/index.php\/2023\/06\/05\/opportunites-la-fabrication-de-papier-recycles\/#article\",\"isPartOf\":{\"@id\":\"https:\/\/trelaze-49.alternatri.fr\/index.php\/2023\/06\/05\/opportunites-la-fabrication-de-papier-recycles\/\"},\"author\":{\"name\":\"admin7993\",\"@id\":\"https:\/\/trelaze-49.alternatri.fr\/#\/schema\/person\/15f92fb3ee7600abe502ffa9e8abd4a3\"},\"headline\":\"La Fabrication de Papier Recycl\u00e9s\",\"datePublished\":\"2023-06-05T08:17:29+00:00\",\"dateModified\":\"2023-06-05T08:17:29+00:00\",\"mainEntityOfPage\":{\"@id\":\"https:\/\/trelaze-49.alternatri.fr\/index.php\/2023\/06\/05\/opportunites-la-fabrication-de-papier-recycles\/\"},\"wordCount\":39,\"publisher\":{\"@id\":\"https:\/\/trelaze-49.alternatri.fr\/#organization\"},\"image\":{\"@id\":\"https:\/\/trelaze-49.alternatri.fr\/index.php\/2023\/06\/05\/opportunites-la-fabrication-de-papier-recycles\/#primaryimage\"},\"thumbnailUrl\":\"https:\/\/alternatri.themecloud.dev\/wp-content\/uploads\/2023\/06\/179195650_319752442854648_6121667738691130614_n.jpg\",\"articleSection\":[\"Sensibilisation\"],\"inLanguage\":\"fr-FR\"},{\"@type\":\"WebPage\",\"@id\":\"https:\/\/trelaze-49.alternatri.fr\/index.php\/2023\/06\/05\/opportunites-la-fabrication-de-papier-recycles\/\",\"url\":\"https:\/\/trelaze-49.alternatri.fr\/index.php\/2023\/06\/05\/opportunites-la-fabrication-de-papier-recycles\/\",\"name\":\"La Fabrication de Papier Recycl\u00e9s - Alternatri 49\",\"isPartOf\":{\"@id\":\"https:\/\/trelaze-49.alternatri.fr\/#website\"},\"primaryImageOfPage\":{\"@id\":\"https:\/\/trelaze-49.alternatri.fr\/index.php\/2023\/06\/05\/opportunites-la-fabrication-de-papier-recycles\/#primaryimage\"},\"image\":{\"@id\":\"https:\/\/trelaze-49.alternatri.fr\/index.php\/2023\/06\/05\/opportunites-la-fabrication-de-papier-recycles\/#primaryimage\"},\"thumbnailUrl\":\"https:\/\/alternatri.themecloud.dev\/wp-content\/uploads\/2023\/06\/179195650_319752442854648_6121667738691130614_n.jpg\",\"datePublished\":\"2023-06-05T08:17:29+00:00\",\"dateModified\":\"2023-06-05T08:17:29+00:00\",\"breadcrumb\":{\"@id\":\"https:\/\/trelaze-49.alternatri.fr\/index.php\/2023\/06\/05\/opportunites-la-fabrication-de-papier-recycles\/#breadcrumb\"},\"inLanguage\":\"fr-FR\",\"potentialAction\":[{\"@type\":\"ReadAction\",\"target\":[\"https:\/\/trelaze-49.alternatri.fr\/index.php\/2023\/06\/05\/opportunites-la-fabrication-de-papier-recycles\/\"]}]},{\"@type\":\"ImageObject\",\"inLanguage\":\"fr-FR\",\"@id\":\"https:\/\/trelaze-49.alternatri.fr\/index.php\/2023\/06\/05\/opportunites-la-fabrication-de-papier-recycles\/#primaryimage\",\"url\":\"https:\/\/alternatri.themecloud.dev\/wp-content\/uploads\/2023\/06\/179195650_319752442854648_6121667738691130614_n.jpg\",\"contentUrl\":\"https:\/\/alternatri.themecloud.dev\/wp-content\/uploads\/2023\/06\/179195650_319752442854648_6121667738691130614_n.jpg\"},{\"@type\":\"BreadcrumbList\",\"@id\":\"https:\/\/trelaze-49.alternatri.fr\/index.php\/2023\/06\/05\/opportunites-la-fabrication-de-papier-recycles\/#breadcrumb\",\"itemListElement\":[{\"@type\":\"ListItem\",\"position\":1,\"name\":\"Accueil\",\"item\":\"https:\/\/trelaze-49.alternatri.fr\/\"},{\"@type\":\"ListItem\",\"position\":2,\"name\":\"La Fabrication de Papier Recycl\u00e9s\"}]},{\"@type\":\"WebSite\",\"@id\":\"https:\/\/trelaze-49.alternatri.fr\/#website\",\"url\":\"https:\/\/trelaze-49.alternatri.fr\/\",\"name\":\"Alternatri 49\",\"description\":\"Alternatri 49 action social et solidaire\",\"publisher\":{\"@id\":\"https:\/\/trelaze-49.alternatri.fr\/#organization\"},\"potentialAction\":[{\"@type\":\"SearchAction\",\"target\":{\"@type\":\"EntryPoint\",\"urlTemplate\":\"https:\/\/trelaze-49.alternatri.fr\/?s={search_term_string}\"},\"query-input\":{\"@type\":\"PropertyValueSpecification\",\"valueRequired\":true,\"valueName\":\"search_term_string\"}}],\"inLanguage\":\"fr-FR\"},{\"@type\":\"Organization\",\"@id\":\"https:\/\/trelaze-49.alternatri.fr\/#organization\",\"name\":\"Alternatri 49\",\"url\":\"https:\/\/trelaze-49.alternatri.fr\/\",\"logo\":{\"@type\":\"ImageObject\",\"inLanguage\":\"fr-FR\",\"@id\":\"https:\/\/trelaze-49.alternatri.fr\/#\/schema\/logo\/image\/\",\"url\":\"https:\/\/trelaze-49.alternatri.fr\/wp-content\/uploads\/2024\/03\/cropped-Capture_d_ecran_2024-03-25_a_22.52.19-ai-brush-removebg-rwqq7a08.png\",\"contentUrl\":\"https:\/\/trelaze-49.alternatri.fr\/wp-content\/uploads\/2024\/03\/cropped-Capture_d_ecran_2024-03-25_a_22.52.19-ai-brush-removebg-rwqq7a08.png\",\"width\":1768,\"height\":763,\"caption\":\"Alternatri 49\"},\"image\":{\"@id\":\"https:\/\/trelaze-49.alternatri.fr\/#\/schema\/logo\/image\/\"}},{\"@type\":\"Person\",\"@id\":\"https:\/\/trelaze-49.alternatri.fr\/#\/schema\/person\/15f92fb3ee7600abe502ffa9e8abd4a3\",\"name\":\"admin7993\",\"image\":{\"@type\":\"ImageObject\",\"inLanguage\":\"fr-FR\",\"@id\":\"https:\/\/trelaze-49.alternatri.fr\/#\/schema\/person\/image\/\",\"url\":\"https:\/\/secure.gravatar.com\/avatar\/3b05d999f590905605e8e18c1211e5a35d9d758657cd6442b5a8f63e80badf88?s=96&d=mm&r=g\",\"contentUrl\":\"https:\/\/secure.gravatar.com\/avatar\/3b05d999f590905605e8e18c1211e5a35d9d758657cd6442b5a8f63e80badf88?s=96&d=mm&r=g\",\"caption\":\"admin7993\"},\"sameAs\":[\"http:\/\/trelaze-49.alternatri.fr\"],\"url\":\"https:\/\/trelaze-49.alternatri.fr\/index.php\/author\/admin7993\/\"}]}<\/script>\n<!-- \/ Yoast SEO plugin. -->","yoast_head_json":{"title":"La Fabrication de Papier Recycl\u00e9s - Alternatri 49","robots":{"index":"index","follow":"follow","max-snippet":"max-snippet:-1","max-image-preview":"max-image-preview:large","max-video-preview":"max-video-preview:-1"},"canonical":"https:\/\/trelaze-49.alternatri.fr\/index.php\/2023\/06\/05\/opportunites-la-fabrication-de-papier-recycles\/","og_locale":"fr_FR","og_type":"article","og_title":"La Fabrication de Papier Recycl\u00e9s - Alternatri 49","og_description":"Enfin la r\u00e9ouverture des \u00e9coles primaires, nos ateliers de fabrication de p\u00e2te \u00e0 papier reprennent. L&rsquo;occasion pour AlternaTri et Marc-Antoine, volontaire service-civique, de rappeler que recycler participe \u00e0 prot\u00e9ger la nature","og_url":"https:\/\/trelaze-49.alternatri.fr\/index.php\/2023\/06\/05\/opportunites-la-fabrication-de-papier-recycles\/","og_site_name":"Alternatri 49","article_published_time":"2023-06-05T08:17:29+00:00","og_image":[{"url":"https:\/\/alternatri.themecloud.dev\/wp-content\/uploads\/2023\/06\/179195650_319752442854648_6121667738691130614_n.jpg","type":"","width":"","height":""}],"author":"admin7993","twitter_card":"summary_large_image","twitter_misc":{"\u00c9crit par":"admin7993"},"schema":{"@context":"https:\/\/schema.org","@graph":[{"@type":"Article","@id":"https:\/\/trelaze-49.alternatri.fr\/index.php\/2023\/06\/05\/opportunites-la-fabrication-de-papier-recycles\/#article","isPartOf":{"@id":"https:\/\/trelaze-49.alternatri.fr\/index.php\/2023\/06\/05\/opportunites-la-fabrication-de-papier-recycles\/"},"author":{"name":"admin7993","@id":"https:\/\/trelaze-49.alternatri.fr\/#\/schema\/person\/15f92fb3ee7600abe502ffa9e8abd4a3"},"headline":"La Fabrication de Papier Recycl\u00e9s","datePublished":"2023-06-05T08:17:29+00:00","dateModified":"2023-06-05T08:17:29+00:00","mainEntityOfPage":{"@id":"https:\/\/trelaze-49.alternatri.fr\/index.php\/2023\/06\/05\/opportunites-la-fabrication-de-papier-recycles\/"},"wordCount":39,"publisher":{"@id":"https:\/\/trelaze-49.alternatri.fr\/#organization"},"image":{"@id":"https:\/\/trelaze-49.alternatri.fr\/index.php\/2023\/06\/05\/opportunites-la-fabrication-de-papier-recycles\/#primaryimage"},"thumbnailUrl":"https:\/\/alternatri.themecloud.dev\/wp-content\/uploads\/2023\/06\/179195650_319752442854648_6121667738691130614_n.jpg","articleSection":["Sensibilisation"],"inLanguage":"fr-FR"},{"@type":"WebPage","@id":"https:\/\/trelaze-49.alternatri.fr\/index.php\/2023\/06\/05\/opportunites-la-fabrication-de-papier-recycles\/","url":"https:\/\/trelaze-49.alternatri.fr\/index.php\/2023\/06\/05\/opportunites-la-fabrication-de-papier-recycles\/","name":"La Fabrication de Papier Recycl\u00e9s - Alternatri 49","isPartOf":{"@id":"https:\/\/trelaze-49.alternatri.fr\/#website"},"primaryImageOfPage":{"@id":"https:\/\/trelaze-49.alternatri.fr\/index.php\/2023\/06\/05\/opportunites-la-fabrication-de-papier-recycles\/#primaryimage"},"image":{"@id":"https:\/\/trelaze-49.alternatri.fr\/index.php\/2023\/06\/05\/opportunites-la-fabrication-de-papier-recycles\/#primaryimage"},"thumbnailUrl":"https:\/\/alternatri.themecloud.dev\/wp-content\/uploads\/2023\/06\/179195650_319752442854648_6121667738691130614_n.jpg","datePublished":"2023-06-05T08:17:29+00:00","dateModified":"2023-06-05T08:17:29+00:00","breadcrumb":{"@id":"https:\/\/trelaze-49.alternatri.fr\/index.php\/2023\/06\/05\/opportunites-la-fabrication-de-papier-recycles\/#breadcrumb"},"inLanguage":"fr-FR","potentialAction":[{"@type":"ReadAction","target":["https:\/\/trelaze-49.alternatri.fr\/index.php\/2023\/06\/05\/opportunites-la-fabrication-de-papier-recycles\/"]}]},{"@type":"ImageObject","inLanguage":"fr-FR","@id":"https:\/\/trelaze-49.alternatri.fr\/index.php\/2023\/06\/05\/opportunites-la-fabrication-de-papier-recycles\/#primaryimage","url":"https:\/\/alternatri.themecloud.dev\/wp-content\/uploads\/2023\/06\/179195650_319752442854648_6121667738691130614_n.jpg","contentUrl":"https:\/\/alternatri.themecloud.dev\/wp-content\/uploads\/2023\/06\/179195650_319752442854648_6121667738691130614_n.jpg"},{"@type":"BreadcrumbList","@id":"https:\/\/trelaze-49.alternatri.fr\/index.php\/2023\/06\/05\/opportunites-la-fabrication-de-papier-recycles\/#breadcrumb","itemListElement":[{"@type":"ListItem","position":1,"name":"Accueil","item":"https:\/\/trelaze-49.alternatri.fr\/"},{"@type":"ListItem","position":2,"name":"La Fabrication de Papier Recycl\u00e9s"}]},{"@type":"WebSite","@id":"https:\/\/trelaze-49.alternatri.fr\/#website","url":"https:\/\/trelaze-49.alternatri.fr\/","name":"Alternatri 49","description":"Alternatri 49 action social et solidaire","publisher":{"@id":"https:\/\/trelaze-49.alternatri.fr\/#organization"},"potentialAction":[{"@type":"SearchAction","target":{"@type":"EntryPoint","urlTemplate":"https:\/\/trelaze-49.alternatri.fr\/?s={search_term_string}"},"query-input":{"@type":"PropertyValueSpecification","valueRequired":true,"valueName":"search_term_string"}}],"inLanguage":"fr-FR"},{"@type":"Organization","@id":"https:\/\/trelaze-49.alternatri.fr\/#organization","name":"Alternatri 49","url":"https:\/\/trelaze-49.alternatri.fr\/","logo":{"@type":"ImageObject","inLanguage":"fr-FR","@id":"https:\/\/trelaze-49.alternatri.fr\/#\/schema\/logo\/image\/","url":"https:\/\/trelaze-49.alternatri.fr\/wp-content\/uploads\/2024\/03\/cropped-Capture_d_ecran_2024-03-25_a_22.52.19-ai-brush-removebg-rwqq7a08.png","contentUrl":"https:\/\/trelaze-49.alternatri.fr\/wp-content\/uploads\/2024\/03\/cropped-Capture_d_ecran_2024-03-25_a_22.52.19-ai-brush-removebg-rwqq7a08.png","width":1768,"height":763,"caption":"Alternatri 49"},"image":{"@id":"https:\/\/trelaze-49.alternatri.fr\/#\/schema\/logo\/image\/"}},{"@type":"Person","@id":"https:\/\/trelaze-49.alternatri.fr\/#\/schema\/person\/15f92fb3ee7600abe502ffa9e8abd4a3","name":"admin7993","image":{"@type":"ImageObject","inLanguage":"fr-FR","@id":"https:\/\/trelaze-49.alternatri.fr\/#\/schema\/person\/image\/","url":"https:\/\/secure.gravatar.com\/avatar\/3b05d999f590905605e8e18c1211e5a35d9d758657cd6442b5a8f63e80badf88?s=96&d=mm&r=g","contentUrl":"https:\/\/secure.gravatar.com\/avatar\/3b05d999f590905605e8e18c1211e5a35d9d758657cd6442b5a8f63e80badf88?s=96&d=mm&r=g","caption":"admin7993"},"sameAs":["http:\/\/trelaze-49.alternatri.fr"],"url":"https:\/\/trelaze-49.alternatri.fr\/index.php\/author\/admin7993\/"}]}},"_links":{"self":[{"href":"https:\/\/trelaze-49.alternatri.fr\/index.php\/wp-json\/wp\/v2\/posts\/1061","targetHints":{"allow":["GET"]}}],"collection":[{"href":"https:\/\/trelaze-49.alternatri.fr\/index.php\/wp-json\/wp\/v2\/posts"}],"about":[{"href":"https:\/\/trelaze-49.alternatri.fr\/index.php\/wp-json\/wp\/v2\/types\/post"}],"author":[{"embeddable":true,"href":"https:\/\/trelaze-49.alternatri.fr\/index.php\/wp-json\/wp\/v2\/users\/1"}],"replies":[{"embeddable":true,"href":"https:\/\/trelaze-49.alternatri.fr\/index.php\/wp-json\/wp\/v2\/comments?post=1061"}],"version-history":[{"count":0,"href":"https:\/\/trelaze-49.alternatri.fr\/index.php\/wp-json\/wp\/v2\/posts\/1061\/revisions"}],"wp:attachment":[{"href":"https:\/\/trelaze-49.alternatri.fr\/index.php\/wp-json\/wp\/v2\/media?parent=1061"}],"wp:term":[{"taxonomy":"category","embeddable":true,"href":"https:\/\/trelaze-49.alternatri.fr\/index.php\/wp-json\/wp\/v2\/categories?post=1061"},{"taxonomy":"post_tag","embeddable":true,"href":"https:\/\/trelaze-49.alternatri.fr\/index.php\/wp-json\/wp\/v2\/tags?post=1061"}],"curies":[{"name":"wp","href":"https:\/\/api.w.org\/{rel}","templated":true}]}}